{"id":3871,"date":"2025-10-27T18:15:37","date_gmt":"2025-10-27T17:15:37","guid":{"rendered":"https:\/\/nblok306.ftn.uns.ac.rs\/~zoran\/?p=3871"},"modified":"2025-10-30T21:34:52","modified_gmt":"2025-10-30T20:34:52","slug":"it-sv-verovatnoca-i-statistika-rezultati-ispita-od-27-x-2025","status":"publish","type":"post","link":"https:\/\/nblok306.ftn.uns.ac.rs\/~zoran\/?p=3871","title":{"rendered":"IT, SV, (Verovatno\u0107a i) Statistika, rezultati ispita od 27. X 2025."},"content":{"rendered":"\n<p>IT<\/p>\n\n\n\n<figure class=\"wp-block-table\"><table class=\"has-fixed-layout\"><tbody><tr><td>Na ispitu su osvojeni bodovi:<\/td><td><\/td><td><\/td><td><\/td><\/tr><tr><td>Indeks<\/td><td>Kol 1<\/td><td>Kol 2<\/td><td>Komentar<\/td><\/tr><tr><td>IT 57\/2015<\/td><td><\/td><td><\/td><td><\/td><\/tr><tr><td>IT 40\/2019<\/td><td><\/td><td>14<\/td><td><\/td><\/tr><tr><td>IT 65\/2020<\/td><td>4<\/td><td><\/td><td><\/td><\/tr><tr><td>IT 74\/2020<\/td><td>6<\/td><td><\/td><td><\/td><\/tr><tr><td>IT 1\/2022<\/td><td>0<\/td><td><\/td><td><\/td><\/tr><tr><td>IT 15\/2022<\/td><td><\/td><td><\/td><td><\/td><\/tr><tr><td>IT 2\/2023<\/td><td><\/td><td><\/td><td>usmeni<\/td><\/tr><tr><td>IT 4\/2023<\/td><td>14<\/td><td>16<\/td><td>usmeni<\/td><\/tr><tr><td>IT 5\/2023<\/td><td><\/td><td>17<\/td><td>usmeni<\/td><\/tr><tr><td>IT 8\/2023<\/td><td><\/td><td>17<\/td><td>usmeni<\/td><\/tr><tr><td>IT 10\/2023<\/td><td><\/td><td><\/td><td><\/td><\/tr><tr><td>IT 12\/2023<\/td><td><\/td><td>18<\/td><td>usmeni<\/td><\/tr><tr><td>IT 14\/2023<\/td><td>1<\/td><td>0<\/td><td><\/td><\/tr><tr><td>IT 23\/2023<\/td><td>4<\/td><td>0<\/td><td><\/td><\/tr><tr><td>IT 26\/2023<\/td><td>12<\/td><td>4<\/td><td><\/td><\/tr><tr><td>IT 29\/2023<\/td><td>10<\/td><td>18<\/td><td><\/td><\/tr><tr><td>IT 35\/2023<\/td><td>4<\/td><td><\/td><td><\/td><\/tr><tr><td>IT 39\/2023<\/td><td><\/td><td><\/td><td><\/td><\/tr><tr><td>IT 46\/2023<\/td><td>3<\/td><td><\/td><td><\/td><\/tr><tr><td>IT 48\/2023<\/td><td>6<\/td><td><\/td><td><\/td><\/tr><tr><td>IT 49\/2023<\/td><td>22<\/td><td><\/td><td>usmeni<\/td><\/tr><tr><td>IT 58\/2023<\/td><td><\/td><td>19<\/td><td>usmeni<\/td><\/tr><tr><td>IT 61\/2023<\/td><td><\/td><td><\/td><td><\/td><\/tr><tr><td>IT 70\/2023<\/td><td>6<\/td><td><\/td><td><\/td><\/tr><tr><td>IT 77\/2023<\/td><td><\/td><td><\/td><td><\/td><\/tr><tr><td>IT 13\/2023<\/td><td><\/td><td>19<\/td><td><\/td><\/tr><tr><td>IT 33\/2023<\/td><td>3<\/td><td>1<\/td><td><\/td><\/tr><tr><td>Bodovi ispod 12 se bri\u0161u<\/td><td><\/td><td><\/td><td><\/td><\/tr><tr><td>Uvid u radove na usmenom<\/td><td><\/td><td><\/td><td><\/td><\/tr><tr><td>Usmeni \u0107e se odr\u017eati u<\/td><td><\/td><td><\/td><td><\/td><\/tr><tr><td>Petak, 31. X 14:00 u sali \u01104-1 Ma\u0161inskog instituta i u<\/td><td><\/td><td><\/td><td><\/td><\/tr><tr><td>ponedeljak 3. XI 8:00 u sali 124 (zbornica) Blok F<\/td><td><\/td><td><\/td><td><\/td><\/tr><\/tbody><\/table><\/figure>\n\n\n\n<p>SV<\/p>\n\n\n\n<figure class=\"wp-block-table\"><table class=\"has-fixed-layout\"><tbody><tr><td>Indeks<\/td><td>Kol 1<\/td><td>Kol 2<\/td><td>Komentar<\/td><\/tr><tr><td>SW 67\/2016<\/td><td><\/td><td><\/td><td><\/td><\/tr><tr><td>SW 64\/2019<\/td><td><\/td><td><\/td><td><\/td><\/tr><tr><td>SV 1\/2022<\/td><td><\/td><td><\/td><td><\/td><\/tr><tr><td>SV 28\/2022<\/td><td><\/td><td><\/td><td><\/td><\/tr><tr><td>SV 46\/2022<\/td><td><\/td><td><\/td><td><\/td><\/tr><tr><td>SV 49\/2022<\/td><td><\/td><td><\/td><td>usmeni<\/td><\/tr><tr><td>SV 51\/2022<\/td><td>12<\/td><td><\/td><td>usmeni<\/td><\/tr><tr><td>SV 67\/2022<\/td><td>10<\/td><td><\/td><td><\/td><\/tr><tr><td>SV 68\/2022<\/td><td><\/td><td>6<\/td><td><\/td><\/tr><tr><td>Bodovi ispod 12 se bri\u0161u<\/td><td><\/td><td><\/td><td><\/td><\/tr><tr><td>Uvid u radove na usmenom<\/td><td><\/td><td><\/td><td><\/td><\/tr><tr><td>Usmeni \u0107e se odr\u017eati u<\/td><td><\/td><td><\/td><td><\/td><\/tr><tr><td>Petak, 31. X 14:00 u sali \u01104-1 Ma\u0161inskog instituta i u<\/td><td><\/td><td><\/td><td><\/td><\/tr><tr><td>ponedeljak 3. XI 11:00 u sali 124 (zbornica) Blok F<\/td><td><\/td><td><\/td><td><\/td><\/tr><\/tbody><\/table><\/figure>\n","protected":false},"excerpt":{"rendered":"<p>Usmeni \u0107e se odr\u017eati u petak, 31. X 14:00 u sali \u01104-1 Ma\u0161inskog instituta i u &#8230;..<\/p>\n","protected":false},"author":1,"featured_media":2290,"comment_status":"closed","ping_status":"closed","sticky":false,"template":"","format":"standard","meta":{"ngg_post_thumbnail":0,"footnotes":""},"categories":[16,5],"tags":[],"class_list":["post-3871","post","type-post","status-publish","format-standard","has-post-thumbnail","hentry","category-rezultati-ispita","category-teaching"],"_links":{"self":[{"href":"https:\/\/nblok306.ftn.uns.ac.rs\/~zoran\/index.php?rest_route=\/wp\/v2\/posts\/3871","targetHints":{"allow":["GET"]}}],"collection":[{"href":"https:\/\/nblok306.ftn.uns.ac.rs\/~zoran\/index.php?rest_route=\/wp\/v2\/posts"}],"about":[{"href":"https:\/\/nblok306.ftn.uns.ac.rs\/~zoran\/index.php?rest_route=\/wp\/v2\/types\/post"}],"author":[{"embeddable":true,"href":"https:\/\/nblok306.ftn.uns.ac.rs\/~zoran\/index.php?rest_route=\/wp\/v2\/users\/1"}],"replies":[{"embeddable":true,"href":"https:\/\/nblok306.ftn.uns.ac.rs\/~zoran\/index.php?rest_route=%2Fwp%2Fv2%2Fcomments&post=3871"}],"version-history":[{"count":3,"href":"https:\/\/nblok306.ftn.uns.ac.rs\/~zoran\/index.php?rest_route=\/wp\/v2\/posts\/3871\/revisions"}],"predecessor-version":[{"id":3882,"href":"https:\/\/nblok306.ftn.uns.ac.rs\/~zoran\/index.php?rest_route=\/wp\/v2\/posts\/3871\/revisions\/3882"}],"wp:featuredmedia":[{"embeddable":true,"href":"https:\/\/nblok306.ftn.uns.ac.rs\/~zoran\/index.php?rest_route=\/wp\/v2\/media\/2290"}],"wp:attachment":[{"href":"https:\/\/nblok306.ftn.uns.ac.rs\/~zoran\/index.php?rest_route=%2Fwp%2Fv2%2Fmedia&parent=3871"}],"wp:term":[{"taxonomy":"category","embeddable":true,"href":"https:\/\/nblok306.ftn.uns.ac.rs\/~zoran\/index.php?rest_route=%2Fwp%2Fv2%2Fcategories&post=3871"},{"taxonomy":"post_tag","embeddable":true,"href":"https:\/\/nblok306.ftn.uns.ac.rs\/~zoran\/index.php?rest_route=%2Fwp%2Fv2%2Ftags&post=3871"}],"curies":[{"name":"wp","href":"https:\/\/api.w.org\/{rel}","templated":true}]}}